{"id":1498,"date":"2025-10-20T18:11:39","date_gmt":"2025-10-20T16:11:39","guid":{"rendered":"https:\/\/wolvescharleroi.be\/?p=1498"},"modified":"2025-10-20T18:27:35","modified_gmt":"2025-10-20T16:27:35","slug":"halloween-et-entrainements-toussaint","status":"publish","type":"post","link":"https:\/\/wolvescharleroi.be\/?p=1498","title":{"rendered":"Halloween et entrainements Toussaint"},"content":{"rendered":"<div class=\"xdj266r x14z9mp xat24cr x1lziwak x1vvkbs x126k92a\">\n<div dir=\"auto\"><span style=\"font-family: arial, helvetica, sans-serif; font-size: 20px;\"><span style=\"font-family: arial, helvetica, sans-serif; font-size: 20px;\"><span style=\"color: #000000;\">On range les rollers du 22 octobre au 1er novembre 2025 et on vous attend pour la suite \u00e0 partir du<strong> <span style=\"color: #ff0000;\">mercredi 5 novembre 2025<\/span><\/strong><br \/>\nMais pour tous ceux qui le d\u00e9sirent rendez-vous le <em><span style=\"color: #ff0000;\"><strong>s<\/strong><\/span><\/em><\/span><\/span><\/span><em><span style=\"color: #ff0000;\"><strong><span style=\"font-family: arial, helvetica, sans-serif; font-size: 20px;\">amedi 1er novembre pour sa 3\u00e8me \u00e9dition\u00a0<\/span><\/strong><\/span><\/em><span style=\"color: #ff0000;\"><span style=\"font-family: arial, helvetica, sans-serif; font-size: 20px;\"><span style=\"color: #000000;\">\u00e0 partir de 18H30<br \/>\n<\/span><\/span><\/span><\/div>\n<div dir=\"auto\">\n<div dir=\"auto\"><span style=\"font-family: arial, helvetica, sans-serif; font-size: 20px; color: #000000;\">PLACE DU PRIEURE 22 \u00e0 6040 JUMET (centre sportif l&rsquo;arc-en-ciel).<\/span><\/div>\n<div dir=\"auto\"><span style=\"font-family: arial, helvetica, sans-serif; font-size: 20px; color: #000000;\">Pr\u00e9parez vos d\u00e9guisements les plus terrifiants et rameutez toutes vos connaissances pour une soir\u00e9e inoubliable !<br \/>\n<\/span><span style=\"font-family: arial, helvetica, sans-serif; font-size: 20px; color: #000000;\">Cette ann\u00e9e, on allie fun et solidarit\u00e9 : <strong>une partie des b\u00e9n\u00e9fices sera revers\u00e9e \u00e0 La Maison du Mieux-\u00catre \u00e0 Charleroi.<\/strong><\/span><\/div>\n<div dir=\"auto\"><span style=\"font-family: arial, helvetica, sans-serif; font-size: 20px; color: #000000;\">Un lieu pr\u00e9cieux qui accompagne les personnes atteintes d\u2019un cancer dans leur retour \u00e0 la vie quotidienne.<\/span><\/div>\n<div dir=\"auto\"><span style=\"font-family: arial, helvetica, sans-serif; font-size: 20px; color: #000000;\">Roulez pour vous amuser, roulez pour soutenir !\u00a0<\/span><span style=\"font-family: arial, helvetica, sans-serif; font-size: 20px; color: #000000;\">On vous attend nombreux et nombreuses !<\/span><\/div>\n<div dir=\"auto\"><span style=\"font-family: arial, helvetica, sans-serif; font-size: 20px; color: #000000;\">Centre sportif arc en ciel et\u00a0<\/span><span style=\"font-family: arial, helvetica, sans-serif; font-size: 20px; color: #000000;\">Maison Mieux-\u00catre<br \/>\nLocation de patins: 2\u20ac et restauration sur place<br \/>\nLes Wolves organisent un stage de perfectionnement ou d&rsquo;initiation pour ceux qui le souhaitent.<br \/>\nIl se d\u00e9roule Du lundi 27 au vendredi 31 octobre de 09H \u00e0 16H<\/span><span style=\"font-family: arial, helvetica, sans-serif; font-size: 20px; color: #000000;\"> au centre sportif l&rsquo;arc en ciel, place du Prieur\u00e9 22 6040 Jumet<\/span><\/div>\n<div dir=\"auto\"><span style=\"font-family: arial, helvetica, sans-serif; font-size: 20px; color: #000000;\">Prix 150\u20ac<br \/>\n<\/span><\/div>\n<div dir=\"auto\">\n<div dir=\"auto\"><span style=\"color: #000000;\"><span style=\"font-family: arial, helvetica, sans-serif; font-size: 20px;\">Cat\u00e9gories : D\u00e9butants, U10, U12, U14 et U16 &#8211;\u00a0<\/span><span style=\"font-family: arial, helvetica, sans-serif; font-size: 20px;\">T-shirt du stage offert &#8211;\u00a0<\/span><span style=\"font-family: arial, helvetica, sans-serif; font-size: 20px;\">Activit\u00e9 bowling incluse<\/span><\/span><\/div>\n<div dir=\"auto\"><span style=\"font-family: arial, helvetica, sans-serif; font-size: 20px; color: #000000;\">Possibilit\u00e9 de garderie jusque 17h<\/span><\/div>\n<p><span style=\"font-family: arial, helvetica, sans-serif; font-size: 20px; color: #000000;\">Il reste des place renseignements aupr\u00e8s de Chantal TREFOIS 0479-715 634<\/span><\/p>\n<\/div>\n<\/div>\n<\/div>\n<div class=\"x14z9mp xat24cr x1lziwak x1vvkbs xtlvy1s x126k92a\">\n<div dir=\"auto\"><span style=\"font-family: arial, helvetica, sans-serif; font-size: 20px; color: #000000;\"><img loading=\"lazy\" decoding=\"async\" class=\"\" src=\"https:\/\/scontent.fbru5-1.fna.fbcdn.net\/v\/t39.30808-6\/549403129_775916411926381_146831810860745016_n.jpg?_nc_cat=102&amp;ccb=1-7&amp;_nc_sid=833d8c&amp;_nc_ohc=Sndh3jylllkQ7kNvwFWxSAG&amp;_nc_oc=Adldh6RjxT-HloE_EoBngWBUfSj8YUYXd8Z6oTEwKjGLHHt4vTP5LPm597UfWmKjH0wd19N0j40RuVtgY1fyVx8P&amp;_nc_zt=23&amp;_nc_ht=scontent.fbru5-1.fna&amp;_nc_gid=TxfZgbiwNb5EO-CxBfx7JA&amp;oh=00_AffCeXCh_SSqTKZUwg-bVKmlAKuRhP6z0C-ZCji5UTpoHw&amp;oe=68FC352B\" alt=\"Peut \u00eatre une image de \u200etexte qui dit \u2019\u200eOILA ENTR\u00c9E 5\u20ac \u0631\u0633\u0645 HALLO WEEN SOIR\u00c9E ROLLER I 1\/11 \u00c0 PARTIR DE 18H30 CONCOURS DU CONCOURSDUMETLLEUR METLLEUR DEGUISEMENT RESTAURATION SUR PLACE LOCATION DE PATINS: Une partie des b\u00e9n\u00e9fices sera revers\u00e9e \u062f\u0628\u0628\u062f PLACE DU PRIEUR\u00c9, 22 6040 JUMET la Maison du Mieux Etre de Charleroi \uccad\uc120\ud2b8\ucf54\ubcf4\uc2a4\ubd80\uc2a4\uc8fc:\ubbf8\uad5002\u200e\u2019\u200e\" width=\"420\" height=\"525\" \/><br \/>\nUn grande merci aux <strong>Toitures Pontillo<\/strong> pour le pr\u00eat de la salle ainsi que<br \/>\n<\/span><\/div>\n<div dir=\"auto\"><\/div>\n<div dir=\"auto\"><img loading=\"lazy\" decoding=\"async\" class=\"alignleft\" src=\"https:\/\/www.fedepatinage.be\/images\/upload\/461-logosite-1.png\" alt=\"\" width=\"382\" height=\"100\" \/><\/div>\n<div dir=\"auto\"><\/div>\n<div dir=\"auto\"><\/div>\n<div dir=\"auto\"><\/div>\n<div dir=\"auto\">\n<p><span style=\"font-family: arial, helvetica, sans-serif; font-size: 20px; color: #000000;\">pour le pr\u00eat des rollers merci \u00e0 eux<\/span><\/p>\n<p>&nbsp;<\/p>\n<\/div>\n<div dir=\"auto\"><span style=\"font-family: 'arial black', sans-serif; color: #000000;\">Si vous d\u00e9sirez vous associer \u00e0 cet \u00e9v\u00e8nement contactez Edouard Dumonceau 0476-805 483<\/span><\/div>\n<\/div>\n","protected":false},"excerpt":{"rendered":"<p>On range les rollers du 22 octobre au 1er novembre 2025 et on vous attend pour la suite \u00e0 partir du mercredi 5 novembre 2025 Mais pour tous ceux qui le d\u00e9sirent rendez-vous le samedi 1er novembre pour sa 3\u00e8me \u00e9dition\u00a0\u00e0 partir de 18H30 PLACE DU PRIEURE 22 \u00e0 6040 JUMET (centre sportif l&rsquo;arc-en-ciel). Pr\u00e9parez&hellip; <br \/> <a class=\"read-more\" href=\"https:\/\/wolvescharleroi.be\/?p=1498\">Lire la suite<\/a><\/p>\n","protected":false},"author":5,"featured_media":0,"comment_status":"closed","ping_status":"closed","sticky":false,"template":"","format":"standard","meta":{"footnotes":""},"categories":[1],"tags":[],"class_list":["post-1498","post","type-post","status-publish","format-standard","hentry","category-non-classe"],"yoast_head":"<!-- This site is optimized with the Yoast SEO plugin v27.4 - https:\/\/yoast.com\/product\/yoast-seo-wordpress\/ -->\n<title>Halloween et entrainements Toussaint - Wolves Charleroi<\/title>\n<meta name=\"robots\" content=\"index, follow, max-snippet:-1, max-image-preview:large, max-video-preview:-1\" \/>\n<link rel=\"canonical\" href=\"https:\/\/wolvescharleroi.be\/?p=1498\" \/>\n<meta property=\"og:locale\" content=\"fr_FR\" \/>\n<meta property=\"og:type\" content=\"article\" \/>\n<meta property=\"og:title\" content=\"Halloween et entrainements Toussaint - Wolves Charleroi\" \/>\n<meta property=\"og:description\" content=\"On range les rollers du 22 octobre au 1er novembre 2025 et on vous attend pour la suite \u00e0 partir du mercredi 5 novembre 2025 Mais pour tous ceux qui le d\u00e9sirent rendez-vous le samedi 1er novembre pour sa 3\u00e8me \u00e9dition\u00a0\u00e0 partir de 18H30 PLACE DU PRIEURE 22 \u00e0 6040 JUMET (centre sportif l&rsquo;arc-en-ciel). Pr\u00e9parez&hellip; Lire la suite\" \/>\n<meta property=\"og:url\" content=\"https:\/\/wolvescharleroi.be\/?p=1498\" \/>\n<meta property=\"og:site_name\" content=\"Wolves Charleroi\" \/>\n<meta property=\"article:published_time\" content=\"2025-10-20T16:11:39+00:00\" \/>\n<meta property=\"article:modified_time\" content=\"2025-10-20T16:27:35+00:00\" \/>\n<meta property=\"og:image\" content=\"https:\/\/scontent.fbru5-1.fna.fbcdn.net\/v\/t39.30808-6\/549403129_775916411926381_146831810860745016_n.jpg?_nc_cat=102&amp;ccb=1-7&amp;_nc_sid=833d8c&amp;_nc_ohc=Sndh3jylllkQ7kNvwFWxSAG&amp;_nc_oc=Adldh6RjxT-HloE_EoBngWBUfSj8YUYXd8Z6oTEwKjGLHHt4vTP5LPm597UfWmKjH0wd19N0j40RuVtgY1fyVx8P&amp;_nc_zt=23&amp;_nc_ht=scontent.fbru5-1.fna&amp;_nc_gid=TxfZgbiwNb5EO-CxBfx7JA&amp;oh=00_AffCeXCh_SSqTKZUwg-bVKmlAKuRhP6z0C-ZCji5UTpoHw&amp;oe=68FC352B\" \/>\n<meta name=\"author\" content=\"Hubert Guerry\" \/>\n<meta name=\"twitter:card\" content=\"summary_large_image\" \/>\n<meta name=\"twitter:label1\" content=\"\u00c9crit par\" \/>\n\t<meta name=\"twitter:data1\" content=\"Hubert Guerry\" \/>\n\t<meta name=\"twitter:label2\" content=\"Dur\u00e9e de lecture estim\u00e9e\" \/>\n\t<meta name=\"twitter:data2\" content=\"2 minutes\" \/>\n<script type=\"application\/ld+json\" class=\"yoast-schema-graph\">{\"@context\":\"https:\\\/\\\/schema.org\",\"@graph\":[{\"@type\":\"Article\",\"@id\":\"https:\\\/\\\/wolvescharleroi.be\\\/?p=1498#article\",\"isPartOf\":{\"@id\":\"https:\\\/\\\/wolvescharleroi.be\\\/?p=1498\"},\"author\":{\"name\":\"Hubert Guerry\",\"@id\":\"https:\\\/\\\/wolvescharleroi.be\\\/#\\\/schema\\\/person\\\/8c4415e7d4f55012506a8a2f19984768\"},\"headline\":\"Halloween et entrainements Toussaint\",\"datePublished\":\"2025-10-20T16:11:39+00:00\",\"dateModified\":\"2025-10-20T16:27:35+00:00\",\"mainEntityOfPage\":{\"@id\":\"https:\\\/\\\/wolvescharleroi.be\\\/?p=1498\"},\"wordCount\":251,\"publisher\":{\"@id\":\"https:\\\/\\\/wolvescharleroi.be\\\/#organization\"},\"image\":{\"@id\":\"https:\\\/\\\/wolvescharleroi.be\\\/?p=1498#primaryimage\"},\"thumbnailUrl\":\"https:\\\/\\\/scontent.fbru5-1.fna.fbcdn.net\\\/v\\\/t39.30808-6\\\/549403129_775916411926381_146831810860745016_n.jpg?_nc_cat=102&amp;ccb=1-7&amp;_nc_sid=833d8c&amp;_nc_ohc=Sndh3jylllkQ7kNvwFWxSAG&amp;_nc_oc=Adldh6RjxT-HloE_EoBngWBUfSj8YUYXd8Z6oTEwKjGLHHt4vTP5LPm597UfWmKjH0wd19N0j40RuVtgY1fyVx8P&amp;_nc_zt=23&amp;_nc_ht=scontent.fbru5-1.fna&amp;_nc_gid=TxfZgbiwNb5EO-CxBfx7JA&amp;oh=00_AffCeXCh_SSqTKZUwg-bVKmlAKuRhP6z0C-ZCji5UTpoHw&amp;oe=68FC352B\",\"inLanguage\":\"fr-FR\"},{\"@type\":\"WebPage\",\"@id\":\"https:\\\/\\\/wolvescharleroi.be\\\/?p=1498\",\"url\":\"https:\\\/\\\/wolvescharleroi.be\\\/?p=1498\",\"name\":\"Halloween et entrainements Toussaint - Wolves Charleroi\",\"isPartOf\":{\"@id\":\"https:\\\/\\\/wolvescharleroi.be\\\/#website\"},\"primaryImageOfPage\":{\"@id\":\"https:\\\/\\\/wolvescharleroi.be\\\/?p=1498#primaryimage\"},\"image\":{\"@id\":\"https:\\\/\\\/wolvescharleroi.be\\\/?p=1498#primaryimage\"},\"thumbnailUrl\":\"https:\\\/\\\/scontent.fbru5-1.fna.fbcdn.net\\\/v\\\/t39.30808-6\\\/549403129_775916411926381_146831810860745016_n.jpg?_nc_cat=102&amp;ccb=1-7&amp;_nc_sid=833d8c&amp;_nc_ohc=Sndh3jylllkQ7kNvwFWxSAG&amp;_nc_oc=Adldh6RjxT-HloE_EoBngWBUfSj8YUYXd8Z6oTEwKjGLHHt4vTP5LPm597UfWmKjH0wd19N0j40RuVtgY1fyVx8P&amp;_nc_zt=23&amp;_nc_ht=scontent.fbru5-1.fna&amp;_nc_gid=TxfZgbiwNb5EO-CxBfx7JA&amp;oh=00_AffCeXCh_SSqTKZUwg-bVKmlAKuRhP6z0C-ZCji5UTpoHw&amp;oe=68FC352B\",\"datePublished\":\"2025-10-20T16:11:39+00:00\",\"dateModified\":\"2025-10-20T16:27:35+00:00\",\"breadcrumb\":{\"@id\":\"https:\\\/\\\/wolvescharleroi.be\\\/?p=1498#breadcrumb\"},\"inLanguage\":\"fr-FR\",\"potentialAction\":[{\"@type\":\"ReadAction\",\"target\":[\"https:\\\/\\\/wolvescharleroi.be\\\/?p=1498\"]}]},{\"@type\":\"ImageObject\",\"inLanguage\":\"fr-FR\",\"@id\":\"https:\\\/\\\/wolvescharleroi.be\\\/?p=1498#primaryimage\",\"url\":\"https:\\\/\\\/scontent.fbru5-1.fna.fbcdn.net\\\/v\\\/t39.30808-6\\\/549403129_775916411926381_146831810860745016_n.jpg?_nc_cat=102&amp;ccb=1-7&amp;_nc_sid=833d8c&amp;_nc_ohc=Sndh3jylllkQ7kNvwFWxSAG&amp;_nc_oc=Adldh6RjxT-HloE_EoBngWBUfSj8YUYXd8Z6oTEwKjGLHHt4vTP5LPm597UfWmKjH0wd19N0j40RuVtgY1fyVx8P&amp;_nc_zt=23&amp;_nc_ht=scontent.fbru5-1.fna&amp;_nc_gid=TxfZgbiwNb5EO-CxBfx7JA&amp;oh=00_AffCeXCh_SSqTKZUwg-bVKmlAKuRhP6z0C-ZCji5UTpoHw&amp;oe=68FC352B\",\"contentUrl\":\"https:\\\/\\\/scontent.fbru5-1.fna.fbcdn.net\\\/v\\\/t39.30808-6\\\/549403129_775916411926381_146831810860745016_n.jpg?_nc_cat=102&amp;ccb=1-7&amp;_nc_sid=833d8c&amp;_nc_ohc=Sndh3jylllkQ7kNvwFWxSAG&amp;_nc_oc=Adldh6RjxT-HloE_EoBngWBUfSj8YUYXd8Z6oTEwKjGLHHt4vTP5LPm597UfWmKjH0wd19N0j40RuVtgY1fyVx8P&amp;_nc_zt=23&amp;_nc_ht=scontent.fbru5-1.fna&amp;_nc_gid=TxfZgbiwNb5EO-CxBfx7JA&amp;oh=00_AffCeXCh_SSqTKZUwg-bVKmlAKuRhP6z0C-ZCji5UTpoHw&amp;oe=68FC352B\"},{\"@type\":\"BreadcrumbList\",\"@id\":\"https:\\\/\\\/wolvescharleroi.be\\\/?p=1498#breadcrumb\",\"itemListElement\":[{\"@type\":\"ListItem\",\"position\":1,\"name\":\"Accueil\",\"item\":\"https:\\\/\\\/wolvescharleroi.be\\\/\"},{\"@type\":\"ListItem\",\"position\":2,\"name\":\"Halloween et entrainements Toussaint\"}]},{\"@type\":\"WebSite\",\"@id\":\"https:\\\/\\\/wolvescharleroi.be\\\/#website\",\"url\":\"https:\\\/\\\/wolvescharleroi.be\\\/\",\"name\":\"Wolves Charleroi\",\"description\":\"\",\"publisher\":{\"@id\":\"https:\\\/\\\/wolvescharleroi.be\\\/#organization\"},\"potentialAction\":[{\"@type\":\"SearchAction\",\"target\":{\"@type\":\"EntryPoint\",\"urlTemplate\":\"https:\\\/\\\/wolvescharleroi.be\\\/?s={search_term_string}\"},\"query-input\":{\"@type\":\"PropertyValueSpecification\",\"valueRequired\":true,\"valueName\":\"search_term_string\"}}],\"inLanguage\":\"fr-FR\"},{\"@type\":\"Organization\",\"@id\":\"https:\\\/\\\/wolvescharleroi.be\\\/#organization\",\"name\":\"Wolves Charleroi\",\"url\":\"https:\\\/\\\/wolvescharleroi.be\\\/\",\"logo\":{\"@type\":\"ImageObject\",\"inLanguage\":\"fr-FR\",\"@id\":\"https:\\\/\\\/wolvescharleroi.be\\\/#\\\/schema\\\/logo\\\/image\\\/\",\"url\":\"https:\\\/\\\/wolvescharleroi.be\\\/wp-content\\\/uploads\\\/2025\\\/11\\\/tete-site.jpg\",\"contentUrl\":\"https:\\\/\\\/wolvescharleroi.be\\\/wp-content\\\/uploads\\\/2025\\\/11\\\/tete-site.jpg\",\"width\":510,\"height\":510,\"caption\":\"Wolves Charleroi\"},\"image\":{\"@id\":\"https:\\\/\\\/wolvescharleroi.be\\\/#\\\/schema\\\/logo\\\/image\\\/\"}},{\"@type\":\"Person\",\"@id\":\"https:\\\/\\\/wolvescharleroi.be\\\/#\\\/schema\\\/person\\\/8c4415e7d4f55012506a8a2f19984768\",\"name\":\"Hubert Guerry\",\"image\":{\"@type\":\"ImageObject\",\"inLanguage\":\"fr-FR\",\"@id\":\"https:\\\/\\\/secure.gravatar.com\\\/avatar\\\/8ca2445c1a75505b43c2676fdb20d257ae91805c26547a1a162e50b42bd4158a?s=96&d=mm&r=g\",\"url\":\"https:\\\/\\\/secure.gravatar.com\\\/avatar\\\/8ca2445c1a75505b43c2676fdb20d257ae91805c26547a1a162e50b42bd4158a?s=96&d=mm&r=g\",\"contentUrl\":\"https:\\\/\\\/secure.gravatar.com\\\/avatar\\\/8ca2445c1a75505b43c2676fdb20d257ae91805c26547a1a162e50b42bd4158a?s=96&d=mm&r=g\",\"caption\":\"Hubert Guerry\"},\"url\":\"https:\\\/\\\/wolvescharleroi.be\\\/?author=5\"}]}<\/script>\n<!-- \/ Yoast SEO plugin. -->","yoast_head_json":{"title":"Halloween et entrainements Toussaint - Wolves Charleroi","robots":{"index":"index","follow":"follow","max-snippet":"max-snippet:-1","max-image-preview":"max-image-preview:large","max-video-preview":"max-video-preview:-1"},"canonical":"https:\/\/wolvescharleroi.be\/?p=1498","og_locale":"fr_FR","og_type":"article","og_title":"Halloween et entrainements Toussaint - Wolves Charleroi","og_description":"On range les rollers du 22 octobre au 1er novembre 2025 et on vous attend pour la suite \u00e0 partir du mercredi 5 novembre 2025 Mais pour tous ceux qui le d\u00e9sirent rendez-vous le samedi 1er novembre pour sa 3\u00e8me \u00e9dition\u00a0\u00e0 partir de 18H30 PLACE DU PRIEURE 22 \u00e0 6040 JUMET (centre sportif l&rsquo;arc-en-ciel). Pr\u00e9parez&hellip; Lire la suite","og_url":"https:\/\/wolvescharleroi.be\/?p=1498","og_site_name":"Wolves Charleroi","article_published_time":"2025-10-20T16:11:39+00:00","article_modified_time":"2025-10-20T16:27:35+00:00","og_image":[{"url":"https:\/\/scontent.fbru5-1.fna.fbcdn.net\/v\/t39.30808-6\/549403129_775916411926381_146831810860745016_n.jpg?_nc_cat=102&amp;ccb=1-7&amp;_nc_sid=833d8c&amp;_nc_ohc=Sndh3jylllkQ7kNvwFWxSAG&amp;_nc_oc=Adldh6RjxT-HloE_EoBngWBUfSj8YUYXd8Z6oTEwKjGLHHt4vTP5LPm597UfWmKjH0wd19N0j40RuVtgY1fyVx8P&amp;_nc_zt=23&amp;_nc_ht=scontent.fbru5-1.fna&amp;_nc_gid=TxfZgbiwNb5EO-CxBfx7JA&amp;oh=00_AffCeXCh_SSqTKZUwg-bVKmlAKuRhP6z0C-ZCji5UTpoHw&amp;oe=68FC352B","type":"","width":"","height":""}],"author":"Hubert Guerry","twitter_card":"summary_large_image","twitter_misc":{"\u00c9crit par":"Hubert Guerry","Dur\u00e9e de lecture estim\u00e9e":"2 minutes"},"schema":{"@context":"https:\/\/schema.org","@graph":[{"@type":"Article","@id":"https:\/\/wolvescharleroi.be\/?p=1498#article","isPartOf":{"@id":"https:\/\/wolvescharleroi.be\/?p=1498"},"author":{"name":"Hubert Guerry","@id":"https:\/\/wolvescharleroi.be\/#\/schema\/person\/8c4415e7d4f55012506a8a2f19984768"},"headline":"Halloween et entrainements Toussaint","datePublished":"2025-10-20T16:11:39+00:00","dateModified":"2025-10-20T16:27:35+00:00","mainEntityOfPage":{"@id":"https:\/\/wolvescharleroi.be\/?p=1498"},"wordCount":251,"publisher":{"@id":"https:\/\/wolvescharleroi.be\/#organization"},"image":{"@id":"https:\/\/wolvescharleroi.be\/?p=1498#primaryimage"},"thumbnailUrl":"https:\/\/scontent.fbru5-1.fna.fbcdn.net\/v\/t39.30808-6\/549403129_775916411926381_146831810860745016_n.jpg?_nc_cat=102&amp;ccb=1-7&amp;_nc_sid=833d8c&amp;_nc_ohc=Sndh3jylllkQ7kNvwFWxSAG&amp;_nc_oc=Adldh6RjxT-HloE_EoBngWBUfSj8YUYXd8Z6oTEwKjGLHHt4vTP5LPm597UfWmKjH0wd19N0j40RuVtgY1fyVx8P&amp;_nc_zt=23&amp;_nc_ht=scontent.fbru5-1.fna&amp;_nc_gid=TxfZgbiwNb5EO-CxBfx7JA&amp;oh=00_AffCeXCh_SSqTKZUwg-bVKmlAKuRhP6z0C-ZCji5UTpoHw&amp;oe=68FC352B","inLanguage":"fr-FR"},{"@type":"WebPage","@id":"https:\/\/wolvescharleroi.be\/?p=1498","url":"https:\/\/wolvescharleroi.be\/?p=1498","name":"Halloween et entrainements Toussaint - Wolves Charleroi","isPartOf":{"@id":"https:\/\/wolvescharleroi.be\/#website"},"primaryImageOfPage":{"@id":"https:\/\/wolvescharleroi.be\/?p=1498#primaryimage"},"image":{"@id":"https:\/\/wolvescharleroi.be\/?p=1498#primaryimage"},"thumbnailUrl":"https:\/\/scontent.fbru5-1.fna.fbcdn.net\/v\/t39.30808-6\/549403129_775916411926381_146831810860745016_n.jpg?_nc_cat=102&amp;ccb=1-7&amp;_nc_sid=833d8c&amp;_nc_ohc=Sndh3jylllkQ7kNvwFWxSAG&amp;_nc_oc=Adldh6RjxT-HloE_EoBngWBUfSj8YUYXd8Z6oTEwKjGLHHt4vTP5LPm597UfWmKjH0wd19N0j40RuVtgY1fyVx8P&amp;_nc_zt=23&amp;_nc_ht=scontent.fbru5-1.fna&amp;_nc_gid=TxfZgbiwNb5EO-CxBfx7JA&amp;oh=00_AffCeXCh_SSqTKZUwg-bVKmlAKuRhP6z0C-ZCji5UTpoHw&amp;oe=68FC352B","datePublished":"2025-10-20T16:11:39+00:00","dateModified":"2025-10-20T16:27:35+00:00","breadcrumb":{"@id":"https:\/\/wolvescharleroi.be\/?p=1498#breadcrumb"},"inLanguage":"fr-FR","potentialAction":[{"@type":"ReadAction","target":["https:\/\/wolvescharleroi.be\/?p=1498"]}]},{"@type":"ImageObject","inLanguage":"fr-FR","@id":"https:\/\/wolvescharleroi.be\/?p=1498#primaryimage","url":"https:\/\/scontent.fbru5-1.fna.fbcdn.net\/v\/t39.30808-6\/549403129_775916411926381_146831810860745016_n.jpg?_nc_cat=102&amp;ccb=1-7&amp;_nc_sid=833d8c&amp;_nc_ohc=Sndh3jylllkQ7kNvwFWxSAG&amp;_nc_oc=Adldh6RjxT-HloE_EoBngWBUfSj8YUYXd8Z6oTEwKjGLHHt4vTP5LPm597UfWmKjH0wd19N0j40RuVtgY1fyVx8P&amp;_nc_zt=23&amp;_nc_ht=scontent.fbru5-1.fna&amp;_nc_gid=TxfZgbiwNb5EO-CxBfx7JA&amp;oh=00_AffCeXCh_SSqTKZUwg-bVKmlAKuRhP6z0C-ZCji5UTpoHw&amp;oe=68FC352B","contentUrl":"https:\/\/scontent.fbru5-1.fna.fbcdn.net\/v\/t39.30808-6\/549403129_775916411926381_146831810860745016_n.jpg?_nc_cat=102&amp;ccb=1-7&amp;_nc_sid=833d8c&amp;_nc_ohc=Sndh3jylllkQ7kNvwFWxSAG&amp;_nc_oc=Adldh6RjxT-HloE_EoBngWBUfSj8YUYXd8Z6oTEwKjGLHHt4vTP5LPm597UfWmKjH0wd19N0j40RuVtgY1fyVx8P&amp;_nc_zt=23&amp;_nc_ht=scontent.fbru5-1.fna&amp;_nc_gid=TxfZgbiwNb5EO-CxBfx7JA&amp;oh=00_AffCeXCh_SSqTKZUwg-bVKmlAKuRhP6z0C-ZCji5UTpoHw&amp;oe=68FC352B"},{"@type":"BreadcrumbList","@id":"https:\/\/wolvescharleroi.be\/?p=1498#breadcrumb","itemListElement":[{"@type":"ListItem","position":1,"name":"Accueil","item":"https:\/\/wolvescharleroi.be\/"},{"@type":"ListItem","position":2,"name":"Halloween et entrainements Toussaint"}]},{"@type":"WebSite","@id":"https:\/\/wolvescharleroi.be\/#website","url":"https:\/\/wolvescharleroi.be\/","name":"Wolves Charleroi","description":"","publisher":{"@id":"https:\/\/wolvescharleroi.be\/#organization"},"potentialAction":[{"@type":"SearchAction","target":{"@type":"EntryPoint","urlTemplate":"https:\/\/wolvescharleroi.be\/?s={search_term_string}"},"query-input":{"@type":"PropertyValueSpecification","valueRequired":true,"valueName":"search_term_string"}}],"inLanguage":"fr-FR"},{"@type":"Organization","@id":"https:\/\/wolvescharleroi.be\/#organization","name":"Wolves Charleroi","url":"https:\/\/wolvescharleroi.be\/","logo":{"@type":"ImageObject","inLanguage":"fr-FR","@id":"https:\/\/wolvescharleroi.be\/#\/schema\/logo\/image\/","url":"https:\/\/wolvescharleroi.be\/wp-content\/uploads\/2025\/11\/tete-site.jpg","contentUrl":"https:\/\/wolvescharleroi.be\/wp-content\/uploads\/2025\/11\/tete-site.jpg","width":510,"height":510,"caption":"Wolves Charleroi"},"image":{"@id":"https:\/\/wolvescharleroi.be\/#\/schema\/logo\/image\/"}},{"@type":"Person","@id":"https:\/\/wolvescharleroi.be\/#\/schema\/person\/8c4415e7d4f55012506a8a2f19984768","name":"Hubert Guerry","image":{"@type":"ImageObject","inLanguage":"fr-FR","@id":"https:\/\/secure.gravatar.com\/avatar\/8ca2445c1a75505b43c2676fdb20d257ae91805c26547a1a162e50b42bd4158a?s=96&d=mm&r=g","url":"https:\/\/secure.gravatar.com\/avatar\/8ca2445c1a75505b43c2676fdb20d257ae91805c26547a1a162e50b42bd4158a?s=96&d=mm&r=g","contentUrl":"https:\/\/secure.gravatar.com\/avatar\/8ca2445c1a75505b43c2676fdb20d257ae91805c26547a1a162e50b42bd4158a?s=96&d=mm&r=g","caption":"Hubert Guerry"},"url":"https:\/\/wolvescharleroi.be\/?author=5"}]}},"_links":{"self":[{"href":"https:\/\/wolvescharleroi.be\/index.php?rest_route=\/wp\/v2\/posts\/1498","targetHints":{"allow":["GET"]}}],"collection":[{"href":"https:\/\/wolvescharleroi.be\/index.php?rest_route=\/wp\/v2\/posts"}],"about":[{"href":"https:\/\/wolvescharleroi.be\/index.php?rest_route=\/wp\/v2\/types\/post"}],"author":[{"embeddable":true,"href":"https:\/\/wolvescharleroi.be\/index.php?rest_route=\/wp\/v2\/users\/5"}],"replies":[{"embeddable":true,"href":"https:\/\/wolvescharleroi.be\/index.php?rest_route=%2Fwp%2Fv2%2Fcomments&post=1498"}],"version-history":[{"count":4,"href":"https:\/\/wolvescharleroi.be\/index.php?rest_route=\/wp\/v2\/posts\/1498\/revisions"}],"predecessor-version":[{"id":1503,"href":"https:\/\/wolvescharleroi.be\/index.php?rest_route=\/wp\/v2\/posts\/1498\/revisions\/1503"}],"wp:attachment":[{"href":"https:\/\/wolvescharleroi.be\/index.php?rest_route=%2Fwp%2Fv2%2Fmedia&parent=1498"}],"wp:term":[{"taxonomy":"category","embeddable":true,"href":"https:\/\/wolvescharleroi.be\/index.php?rest_route=%2Fwp%2Fv2%2Fcategories&post=1498"},{"taxonomy":"post_tag","embeddable":true,"href":"https:\/\/wolvescharleroi.be\/index.php?rest_route=%2Fwp%2Fv2%2Ftags&post=1498"}],"curies":[{"name":"wp","href":"https:\/\/api.w.org\/{rel}","templated":true}]}}