{"id":1320,"date":"2025-09-03T16:38:27","date_gmt":"2025-09-03T14:38:27","guid":{"rendered":"https:\/\/wolvescharleroi.be\/?p=1320"},"modified":"2025-09-03T16:38:27","modified_gmt":"2025-09-03T14:38:27","slug":"telesambre-lundi-1er-septembre","status":"publish","type":"post","link":"https:\/\/wolvescharleroi.be\/?p=1320","title":{"rendered":"T\u00e9l\u00e9sambre lundi 1er septembre"},"content":{"rendered":"<p><span style=\"font-family: arial, helvetica, sans-serif; color: #000000;\">L\u2019\u00e9mission \u00ab\u00a0TOUT TERRAINS\u00a0\u00bb pr\u00e9sent\u00e9e par \u00c9tienne Gilain\u00a0 interviewait notre pr\u00e9sident d\u00e9missionnaire, merci \u00e0 lui pour sa derni\u00e8re intervention. Suivez la en cliquant sur le logo, bonne lecture.<\/span><\/p>\n<p><a href=\"https:\/\/www.telesambre.be\/emission\/tous-terrains\/tous-terrains-magazine-lundi-1er-septembre-2025\/74721\"><span style=\"font-family: arial, helvetica, sans-serif; color: #000000;\"><img loading=\"lazy\" decoding=\"async\" class=\"size-medium wp-image-674 aligncenter\" src=\"https:\/\/wolvescharleroi.be\/wp-content\/uploads\/2025\/02\/telesambre-150x150.jpg\" alt=\"\" width=\"150\" height=\"150\" srcset=\"https:\/\/wolvescharleroi.be\/wp-content\/uploads\/2025\/02\/telesambre-150x150.jpg 150w, https:\/\/wolvescharleroi.be\/wp-content\/uploads\/2025\/02\/telesambre-75x75.jpg 75w, https:\/\/wolvescharleroi.be\/wp-content\/uploads\/2025\/02\/telesambre-768x768.jpg 768w, https:\/\/wolvescharleroi.be\/wp-content\/uploads\/2025\/02\/telesambre.jpg 900w\" sizes=\"auto, (max-width: 150px) 100vw, 150px\" \/><\/span><\/a><\/p>\n","protected":false},"excerpt":{"rendered":"<p>L\u2019\u00e9mission \u00ab\u00a0TOUT TERRAINS\u00a0\u00bb pr\u00e9sent\u00e9e par \u00c9tienne Gilain\u00a0 interviewait notre pr\u00e9sident d\u00e9missionnaire, merci \u00e0 lui pour sa derni\u00e8re intervention. Suivez la en cliquant sur le logo, bonne lecture.<\/p>\n","protected":false},"author":5,"featured_media":0,"comment_status":"closed","ping_status":"closed","sticky":false,"template":"","format":"standard","meta":{"footnotes":""},"categories":[1],"tags":[],"class_list":["post-1320","post","type-post","status-publish","format-standard","hentry","category-non-classe"],"yoast_head":"<!-- This site is optimized with the Yoast SEO plugin v27.4 - https:\/\/yoast.com\/product\/yoast-seo-wordpress\/ -->\n<title>T\u00e9l\u00e9sambre lundi 1er septembre - Wolves Charleroi<\/title>\n<meta name=\"robots\" content=\"index, follow, max-snippet:-1, max-image-preview:large, max-video-preview:-1\" \/>\n<link rel=\"canonical\" href=\"https:\/\/wolvescharleroi.be\/?p=1320\" \/>\n<meta property=\"og:locale\" content=\"fr_FR\" \/>\n<meta property=\"og:type\" content=\"article\" \/>\n<meta property=\"og:title\" content=\"T\u00e9l\u00e9sambre lundi 1er septembre - Wolves Charleroi\" \/>\n<meta property=\"og:description\" content=\"L\u2019\u00e9mission \u00ab\u00a0TOUT TERRAINS\u00a0\u00bb pr\u00e9sent\u00e9e par \u00c9tienne Gilain\u00a0 interviewait notre pr\u00e9sident d\u00e9missionnaire, merci \u00e0 lui pour sa derni\u00e8re intervention. Suivez la en cliquant sur le logo, bonne lecture.\" \/>\n<meta property=\"og:url\" content=\"https:\/\/wolvescharleroi.be\/?p=1320\" \/>\n<meta property=\"og:site_name\" content=\"Wolves Charleroi\" \/>\n<meta property=\"article:published_time\" content=\"2025-09-03T14:38:27+00:00\" \/>\n<meta property=\"og:image\" content=\"https:\/\/wolvescharleroi.be\/wp-content\/uploads\/2025\/02\/telesambre.jpg\" \/>\n\t<meta property=\"og:image:width\" content=\"900\" \/>\n\t<meta property=\"og:image:height\" content=\"900\" \/>\n\t<meta property=\"og:image:type\" content=\"image\/jpeg\" \/>\n<meta name=\"author\" content=\"Hubert Guerry\" \/>\n<meta name=\"twitter:card\" content=\"summary_large_image\" \/>\n<meta name=\"twitter:label1\" content=\"\u00c9crit par\" \/>\n\t<meta name=\"twitter:data1\" content=\"Hubert Guerry\" \/>\n\t<meta name=\"twitter:label2\" content=\"Dur\u00e9e de lecture estim\u00e9e\" \/>\n\t<meta name=\"twitter:data2\" content=\"1 minute\" \/>\n<script type=\"application\/ld+json\" class=\"yoast-schema-graph\">{\"@context\":\"https:\\\/\\\/schema.org\",\"@graph\":[{\"@type\":\"Article\",\"@id\":\"https:\\\/\\\/wolvescharleroi.be\\\/?p=1320#article\",\"isPartOf\":{\"@id\":\"https:\\\/\\\/wolvescharleroi.be\\\/?p=1320\"},\"author\":{\"name\":\"Hubert Guerry\",\"@id\":\"https:\\\/\\\/wolvescharleroi.be\\\/#\\\/schema\\\/person\\\/8c4415e7d4f55012506a8a2f19984768\"},\"headline\":\"T\u00e9l\u00e9sambre lundi 1er septembre\",\"datePublished\":\"2025-09-03T14:38:27+00:00\",\"mainEntityOfPage\":{\"@id\":\"https:\\\/\\\/wolvescharleroi.be\\\/?p=1320\"},\"wordCount\":38,\"publisher\":{\"@id\":\"https:\\\/\\\/wolvescharleroi.be\\\/#organization\"},\"image\":{\"@id\":\"https:\\\/\\\/wolvescharleroi.be\\\/?p=1320#primaryimage\"},\"thumbnailUrl\":\"https:\\\/\\\/wolvescharleroi.be\\\/wp-content\\\/uploads\\\/2025\\\/02\\\/telesambre-150x150.jpg\",\"inLanguage\":\"fr-FR\"},{\"@type\":\"WebPage\",\"@id\":\"https:\\\/\\\/wolvescharleroi.be\\\/?p=1320\",\"url\":\"https:\\\/\\\/wolvescharleroi.be\\\/?p=1320\",\"name\":\"T\u00e9l\u00e9sambre lundi 1er septembre - Wolves Charleroi\",\"isPartOf\":{\"@id\":\"https:\\\/\\\/wolvescharleroi.be\\\/#website\"},\"primaryImageOfPage\":{\"@id\":\"https:\\\/\\\/wolvescharleroi.be\\\/?p=1320#primaryimage\"},\"image\":{\"@id\":\"https:\\\/\\\/wolvescharleroi.be\\\/?p=1320#primaryimage\"},\"thumbnailUrl\":\"https:\\\/\\\/wolvescharleroi.be\\\/wp-content\\\/uploads\\\/2025\\\/02\\\/telesambre-150x150.jpg\",\"datePublished\":\"2025-09-03T14:38:27+00:00\",\"breadcrumb\":{\"@id\":\"https:\\\/\\\/wolvescharleroi.be\\\/?p=1320#breadcrumb\"},\"inLanguage\":\"fr-FR\",\"potentialAction\":[{\"@type\":\"ReadAction\",\"target\":[\"https:\\\/\\\/wolvescharleroi.be\\\/?p=1320\"]}]},{\"@type\":\"ImageObject\",\"inLanguage\":\"fr-FR\",\"@id\":\"https:\\\/\\\/wolvescharleroi.be\\\/?p=1320#primaryimage\",\"url\":\"https:\\\/\\\/wolvescharleroi.be\\\/wp-content\\\/uploads\\\/2025\\\/02\\\/telesambre.jpg\",\"contentUrl\":\"https:\\\/\\\/wolvescharleroi.be\\\/wp-content\\\/uploads\\\/2025\\\/02\\\/telesambre.jpg\",\"width\":900,\"height\":900},{\"@type\":\"BreadcrumbList\",\"@id\":\"https:\\\/\\\/wolvescharleroi.be\\\/?p=1320#breadcrumb\",\"itemListElement\":[{\"@type\":\"ListItem\",\"position\":1,\"name\":\"Accueil\",\"item\":\"https:\\\/\\\/wolvescharleroi.be\\\/\"},{\"@type\":\"ListItem\",\"position\":2,\"name\":\"T\u00e9l\u00e9sambre lundi 1er septembre\"}]},{\"@type\":\"WebSite\",\"@id\":\"https:\\\/\\\/wolvescharleroi.be\\\/#website\",\"url\":\"https:\\\/\\\/wolvescharleroi.be\\\/\",\"name\":\"Wolves Charleroi\",\"description\":\"\",\"publisher\":{\"@id\":\"https:\\\/\\\/wolvescharleroi.be\\\/#organization\"},\"potentialAction\":[{\"@type\":\"SearchAction\",\"target\":{\"@type\":\"EntryPoint\",\"urlTemplate\":\"https:\\\/\\\/wolvescharleroi.be\\\/?s={search_term_string}\"},\"query-input\":{\"@type\":\"PropertyValueSpecification\",\"valueRequired\":true,\"valueName\":\"search_term_string\"}}],\"inLanguage\":\"fr-FR\"},{\"@type\":\"Organization\",\"@id\":\"https:\\\/\\\/wolvescharleroi.be\\\/#organization\",\"name\":\"Wolves Charleroi\",\"url\":\"https:\\\/\\\/wolvescharleroi.be\\\/\",\"logo\":{\"@type\":\"ImageObject\",\"inLanguage\":\"fr-FR\",\"@id\":\"https:\\\/\\\/wolvescharleroi.be\\\/#\\\/schema\\\/logo\\\/image\\\/\",\"url\":\"https:\\\/\\\/wolvescharleroi.be\\\/wp-content\\\/uploads\\\/2025\\\/11\\\/tete-site.jpg\",\"contentUrl\":\"https:\\\/\\\/wolvescharleroi.be\\\/wp-content\\\/uploads\\\/2025\\\/11\\\/tete-site.jpg\",\"width\":510,\"height\":510,\"caption\":\"Wolves Charleroi\"},\"image\":{\"@id\":\"https:\\\/\\\/wolvescharleroi.be\\\/#\\\/schema\\\/logo\\\/image\\\/\"}},{\"@type\":\"Person\",\"@id\":\"https:\\\/\\\/wolvescharleroi.be\\\/#\\\/schema\\\/person\\\/8c4415e7d4f55012506a8a2f19984768\",\"name\":\"Hubert Guerry\",\"image\":{\"@type\":\"ImageObject\",\"inLanguage\":\"fr-FR\",\"@id\":\"https:\\\/\\\/secure.gravatar.com\\\/avatar\\\/8ca2445c1a75505b43c2676fdb20d257ae91805c26547a1a162e50b42bd4158a?s=96&d=mm&r=g\",\"url\":\"https:\\\/\\\/secure.gravatar.com\\\/avatar\\\/8ca2445c1a75505b43c2676fdb20d257ae91805c26547a1a162e50b42bd4158a?s=96&d=mm&r=g\",\"contentUrl\":\"https:\\\/\\\/secure.gravatar.com\\\/avatar\\\/8ca2445c1a75505b43c2676fdb20d257ae91805c26547a1a162e50b42bd4158a?s=96&d=mm&r=g\",\"caption\":\"Hubert Guerry\"},\"url\":\"https:\\\/\\\/wolvescharleroi.be\\\/?author=5\"}]}<\/script>\n<!-- \/ Yoast SEO plugin. -->","yoast_head_json":{"title":"T\u00e9l\u00e9sambre lundi 1er septembre - Wolves Charleroi","robots":{"index":"index","follow":"follow","max-snippet":"max-snippet:-1","max-image-preview":"max-image-preview:large","max-video-preview":"max-video-preview:-1"},"canonical":"https:\/\/wolvescharleroi.be\/?p=1320","og_locale":"fr_FR","og_type":"article","og_title":"T\u00e9l\u00e9sambre lundi 1er septembre - Wolves Charleroi","og_description":"L\u2019\u00e9mission \u00ab\u00a0TOUT TERRAINS\u00a0\u00bb pr\u00e9sent\u00e9e par \u00c9tienne Gilain\u00a0 interviewait notre pr\u00e9sident d\u00e9missionnaire, merci \u00e0 lui pour sa derni\u00e8re intervention. Suivez la en cliquant sur le logo, bonne lecture.","og_url":"https:\/\/wolvescharleroi.be\/?p=1320","og_site_name":"Wolves Charleroi","article_published_time":"2025-09-03T14:38:27+00:00","og_image":[{"width":900,"height":900,"url":"https:\/\/wolvescharleroi.be\/wp-content\/uploads\/2025\/02\/telesambre.jpg","type":"image\/jpeg"}],"author":"Hubert Guerry","twitter_card":"summary_large_image","twitter_misc":{"\u00c9crit par":"Hubert Guerry","Dur\u00e9e de lecture estim\u00e9e":"1 minute"},"schema":{"@context":"https:\/\/schema.org","@graph":[{"@type":"Article","@id":"https:\/\/wolvescharleroi.be\/?p=1320#article","isPartOf":{"@id":"https:\/\/wolvescharleroi.be\/?p=1320"},"author":{"name":"Hubert Guerry","@id":"https:\/\/wolvescharleroi.be\/#\/schema\/person\/8c4415e7d4f55012506a8a2f19984768"},"headline":"T\u00e9l\u00e9sambre lundi 1er septembre","datePublished":"2025-09-03T14:38:27+00:00","mainEntityOfPage":{"@id":"https:\/\/wolvescharleroi.be\/?p=1320"},"wordCount":38,"publisher":{"@id":"https:\/\/wolvescharleroi.be\/#organization"},"image":{"@id":"https:\/\/wolvescharleroi.be\/?p=1320#primaryimage"},"thumbnailUrl":"https:\/\/wolvescharleroi.be\/wp-content\/uploads\/2025\/02\/telesambre-150x150.jpg","inLanguage":"fr-FR"},{"@type":"WebPage","@id":"https:\/\/wolvescharleroi.be\/?p=1320","url":"https:\/\/wolvescharleroi.be\/?p=1320","name":"T\u00e9l\u00e9sambre lundi 1er septembre - Wolves Charleroi","isPartOf":{"@id":"https:\/\/wolvescharleroi.be\/#website"},"primaryImageOfPage":{"@id":"https:\/\/wolvescharleroi.be\/?p=1320#primaryimage"},"image":{"@id":"https:\/\/wolvescharleroi.be\/?p=1320#primaryimage"},"thumbnailUrl":"https:\/\/wolvescharleroi.be\/wp-content\/uploads\/2025\/02\/telesambre-150x150.jpg","datePublished":"2025-09-03T14:38:27+00:00","breadcrumb":{"@id":"https:\/\/wolvescharleroi.be\/?p=1320#breadcrumb"},"inLanguage":"fr-FR","potentialAction":[{"@type":"ReadAction","target":["https:\/\/wolvescharleroi.be\/?p=1320"]}]},{"@type":"ImageObject","inLanguage":"fr-FR","@id":"https:\/\/wolvescharleroi.be\/?p=1320#primaryimage","url":"https:\/\/wolvescharleroi.be\/wp-content\/uploads\/2025\/02\/telesambre.jpg","contentUrl":"https:\/\/wolvescharleroi.be\/wp-content\/uploads\/2025\/02\/telesambre.jpg","width":900,"height":900},{"@type":"BreadcrumbList","@id":"https:\/\/wolvescharleroi.be\/?p=1320#breadcrumb","itemListElement":[{"@type":"ListItem","position":1,"name":"Accueil","item":"https:\/\/wolvescharleroi.be\/"},{"@type":"ListItem","position":2,"name":"T\u00e9l\u00e9sambre lundi 1er septembre"}]},{"@type":"WebSite","@id":"https:\/\/wolvescharleroi.be\/#website","url":"https:\/\/wolvescharleroi.be\/","name":"Wolves Charleroi","description":"","publisher":{"@id":"https:\/\/wolvescharleroi.be\/#organization"},"potentialAction":[{"@type":"SearchAction","target":{"@type":"EntryPoint","urlTemplate":"https:\/\/wolvescharleroi.be\/?s={search_term_string}"},"query-input":{"@type":"PropertyValueSpecification","valueRequired":true,"valueName":"search_term_string"}}],"inLanguage":"fr-FR"},{"@type":"Organization","@id":"https:\/\/wolvescharleroi.be\/#organization","name":"Wolves Charleroi","url":"https:\/\/wolvescharleroi.be\/","logo":{"@type":"ImageObject","inLanguage":"fr-FR","@id":"https:\/\/wolvescharleroi.be\/#\/schema\/logo\/image\/","url":"https:\/\/wolvescharleroi.be\/wp-content\/uploads\/2025\/11\/tete-site.jpg","contentUrl":"https:\/\/wolvescharleroi.be\/wp-content\/uploads\/2025\/11\/tete-site.jpg","width":510,"height":510,"caption":"Wolves Charleroi"},"image":{"@id":"https:\/\/wolvescharleroi.be\/#\/schema\/logo\/image\/"}},{"@type":"Person","@id":"https:\/\/wolvescharleroi.be\/#\/schema\/person\/8c4415e7d4f55012506a8a2f19984768","name":"Hubert Guerry","image":{"@type":"ImageObject","inLanguage":"fr-FR","@id":"https:\/\/secure.gravatar.com\/avatar\/8ca2445c1a75505b43c2676fdb20d257ae91805c26547a1a162e50b42bd4158a?s=96&d=mm&r=g","url":"https:\/\/secure.gravatar.com\/avatar\/8ca2445c1a75505b43c2676fdb20d257ae91805c26547a1a162e50b42bd4158a?s=96&d=mm&r=g","contentUrl":"https:\/\/secure.gravatar.com\/avatar\/8ca2445c1a75505b43c2676fdb20d257ae91805c26547a1a162e50b42bd4158a?s=96&d=mm&r=g","caption":"Hubert Guerry"},"url":"https:\/\/wolvescharleroi.be\/?author=5"}]}},"_links":{"self":[{"href":"https:\/\/wolvescharleroi.be\/index.php?rest_route=\/wp\/v2\/posts\/1320","targetHints":{"allow":["GET"]}}],"collection":[{"href":"https:\/\/wolvescharleroi.be\/index.php?rest_route=\/wp\/v2\/posts"}],"about":[{"href":"https:\/\/wolvescharleroi.be\/index.php?rest_route=\/wp\/v2\/types\/post"}],"author":[{"embeddable":true,"href":"https:\/\/wolvescharleroi.be\/index.php?rest_route=\/wp\/v2\/users\/5"}],"replies":[{"embeddable":true,"href":"https:\/\/wolvescharleroi.be\/index.php?rest_route=%2Fwp%2Fv2%2Fcomments&post=1320"}],"version-history":[{"count":1,"href":"https:\/\/wolvescharleroi.be\/index.php?rest_route=\/wp\/v2\/posts\/1320\/revisions"}],"predecessor-version":[{"id":1321,"href":"https:\/\/wolvescharleroi.be\/index.php?rest_route=\/wp\/v2\/posts\/1320\/revisions\/1321"}],"wp:attachment":[{"href":"https:\/\/wolvescharleroi.be\/index.php?rest_route=%2Fwp%2Fv2%2Fmedia&parent=1320"}],"wp:term":[{"taxonomy":"category","embeddable":true,"href":"https:\/\/wolvescharleroi.be\/index.php?rest_route=%2Fwp%2Fv2%2Fcategories&post=1320"},{"taxonomy":"post_tag","embeddable":true,"href":"https:\/\/wolvescharleroi.be\/index.php?rest_route=%2Fwp%2Fv2%2Ftags&post=1320"}],"curies":[{"name":"wp","href":"https:\/\/api.w.org\/{rel}","templated":true}]}}