{"id":1289,"date":"2025-08-24T17:44:51","date_gmt":"2025-08-24T15:44:51","guid":{"rendered":"https:\/\/wolvescharleroi.be\/?p=1289"},"modified":"2025-08-24T17:45:53","modified_gmt":"2025-08-24T15:45:53","slug":"notre-premier-article-de-la-saison","status":"publish","type":"post","link":"https:\/\/wolvescharleroi.be\/?p=1289","title":{"rendered":"Notre premier article de la saison"},"content":{"rendered":"<p><span style=\"font-family: arial, helvetica, sans-serif; color: #000000;\"><span style=\"font-size: 20px;\"><em>La saison est lanc\u00e9e,<\/em><\/span><br \/>\n<\/span><br \/>\n<img loading=\"lazy\" decoding=\"async\" class=\"alignnone wp-image-218\" src=\"https:\/\/wolvescharleroi.be\/wp-content\/uploads\/2025\/01\/Lavenir-logo-300x108.png\" alt=\"alt\" width=\"305\" height=\"110\" srcset=\"https:\/\/wolvescharleroi.be\/wp-content\/uploads\/2025\/01\/Lavenir-logo-300x108.png 300w, https:\/\/wolvescharleroi.be\/wp-content\/uploads\/2025\/01\/Lavenir-logo-1024x369.png 1024w, https:\/\/wolvescharleroi.be\/wp-content\/uploads\/2025\/01\/Lavenir-logo-768x277.png 768w, https:\/\/wolvescharleroi.be\/wp-content\/uploads\/2025\/01\/Lavenir-logo-1536x553.png 1536w, https:\/\/wolvescharleroi.be\/wp-content\/uploads\/2025\/01\/Lavenir-logo.png 1624w\" sizes=\"auto, (max-width: 305px) 100vw, 305px\" \/><\/p>\n<p><span style=\"font-family: arial, helvetica, sans-serif; color: #000000; font-size: 20px;\">Merci \u00e0 <strong>\u00ab\u00a0L&rsquo;AVENIR SAMBRE ET MEUSE\u00a0\u00bb<\/strong> (Vincent Maljean) qui nous suit depuis des ann\u00e9es, l&rsquo;article paru ce mercredi 20 ao\u00fbt,\u00a0<\/span><br \/>\n<span style=\"font-family: arial, helvetica, sans-serif; color: #000000; font-size: 20px;\">Vous pouvez le lire\u00a0 en cliquant sur <a href=\"https:\/\/wolvescharleroi.be\/wp-content\/uploads\/2025\/08\/2025-08-20-vers-lavenir.pdf\"><strong>\u00ab\u00a0Passage de relais chez les Wolves Charleroi\u00a0\u00bb<\/strong><\/a><br \/>\nMerci \u00e0 la r\u00e9daction sportive et le groupe l&rsquo;Avenir pour le soutien, tenez-vous au courant des nouvelles en achetant la presse vous soutiendrez notre club ainsi que la presse r\u00e9gionale.<br \/>\nBonne lecture<\/span><\/p>\n","protected":false},"excerpt":{"rendered":"<p>La saison est lanc\u00e9e, Merci \u00e0 \u00ab\u00a0L&rsquo;AVENIR SAMBRE ET MEUSE\u00a0\u00bb (Vincent Maljean) qui nous suit depuis des ann\u00e9es, l&rsquo;article paru ce mercredi 20 ao\u00fbt,\u00a0 Vous pouvez le lire\u00a0 en cliquant sur \u00ab\u00a0Passage de relais chez les Wolves Charleroi\u00a0\u00bb Merci \u00e0 la r\u00e9daction sportive et le groupe l&rsquo;Avenir pour le soutien, tenez-vous au courant des nouvelles&hellip; <br \/> <a class=\"read-more\" href=\"https:\/\/wolvescharleroi.be\/?p=1289\">Lire la suite<\/a><\/p>\n","protected":false},"author":5,"featured_media":0,"comment_status":"closed","ping_status":"closed","sticky":false,"template":"","format":"standard","meta":{"footnotes":""},"categories":[1],"tags":[],"class_list":["post-1289","post","type-post","status-publish","format-standard","hentry","category-non-classe"],"yoast_head":"<!-- This site is optimized with the Yoast SEO plugin v27.4 - https:\/\/yoast.com\/product\/yoast-seo-wordpress\/ -->\n<title>Notre premier article de la saison - Wolves Charleroi<\/title>\n<meta name=\"robots\" content=\"index, follow, max-snippet:-1, max-image-preview:large, max-video-preview:-1\" \/>\n<link rel=\"canonical\" href=\"https:\/\/wolvescharleroi.be\/?p=1289\" \/>\n<meta property=\"og:locale\" content=\"fr_FR\" \/>\n<meta property=\"og:type\" content=\"article\" \/>\n<meta property=\"og:title\" content=\"Notre premier article de la saison - Wolves Charleroi\" \/>\n<meta property=\"og:description\" content=\"La saison est lanc\u00e9e, Merci \u00e0 \u00ab\u00a0L&rsquo;AVENIR SAMBRE ET MEUSE\u00a0\u00bb (Vincent Maljean) qui nous suit depuis des ann\u00e9es, l&rsquo;article paru ce mercredi 20 ao\u00fbt,\u00a0 Vous pouvez le lire\u00a0 en cliquant sur \u00ab\u00a0Passage de relais chez les Wolves Charleroi\u00a0\u00bb Merci \u00e0 la r\u00e9daction sportive et le groupe l&rsquo;Avenir pour le soutien, tenez-vous au courant des nouvelles&hellip; Lire la suite\" \/>\n<meta property=\"og:url\" content=\"https:\/\/wolvescharleroi.be\/?p=1289\" \/>\n<meta property=\"og:site_name\" content=\"Wolves Charleroi\" \/>\n<meta property=\"article:published_time\" content=\"2025-08-24T15:44:51+00:00\" \/>\n<meta property=\"article:modified_time\" content=\"2025-08-24T15:45:53+00:00\" \/>\n<meta property=\"og:image\" content=\"https:\/\/wolvescharleroi.be\/wp-content\/uploads\/2025\/01\/Lavenir-logo.png\" \/>\n\t<meta property=\"og:image:width\" content=\"1624\" \/>\n\t<meta property=\"og:image:height\" content=\"585\" \/>\n\t<meta property=\"og:image:type\" content=\"image\/png\" \/>\n<meta name=\"author\" content=\"Hubert Guerry\" \/>\n<meta name=\"twitter:card\" content=\"summary_large_image\" \/>\n<meta name=\"twitter:label1\" content=\"\u00c9crit par\" \/>\n\t<meta name=\"twitter:data1\" content=\"Hubert Guerry\" \/>\n\t<meta name=\"twitter:label2\" content=\"Dur\u00e9e de lecture estim\u00e9e\" \/>\n\t<meta name=\"twitter:data2\" content=\"1 minute\" \/>\n<script type=\"application\/ld+json\" class=\"yoast-schema-graph\">{\"@context\":\"https:\\\/\\\/schema.org\",\"@graph\":[{\"@type\":\"Article\",\"@id\":\"https:\\\/\\\/wolvescharleroi.be\\\/?p=1289#article\",\"isPartOf\":{\"@id\":\"https:\\\/\\\/wolvescharleroi.be\\\/?p=1289\"},\"author\":{\"name\":\"Hubert Guerry\",\"@id\":\"https:\\\/\\\/wolvescharleroi.be\\\/#\\\/schema\\\/person\\\/8c4415e7d4f55012506a8a2f19984768\"},\"headline\":\"Notre premier article de la saison\",\"datePublished\":\"2025-08-24T15:44:51+00:00\",\"dateModified\":\"2025-08-24T15:45:53+00:00\",\"mainEntityOfPage\":{\"@id\":\"https:\\\/\\\/wolvescharleroi.be\\\/?p=1289\"},\"wordCount\":81,\"publisher\":{\"@id\":\"https:\\\/\\\/wolvescharleroi.be\\\/#organization\"},\"image\":{\"@id\":\"https:\\\/\\\/wolvescharleroi.be\\\/?p=1289#primaryimage\"},\"thumbnailUrl\":\"https:\\\/\\\/wolvescharleroi.be\\\/wp-content\\\/uploads\\\/2025\\\/01\\\/Lavenir-logo-300x108.png\",\"inLanguage\":\"fr-FR\"},{\"@type\":\"WebPage\",\"@id\":\"https:\\\/\\\/wolvescharleroi.be\\\/?p=1289\",\"url\":\"https:\\\/\\\/wolvescharleroi.be\\\/?p=1289\",\"name\":\"Notre premier article de la saison - Wolves Charleroi\",\"isPartOf\":{\"@id\":\"https:\\\/\\\/wolvescharleroi.be\\\/#website\"},\"primaryImageOfPage\":{\"@id\":\"https:\\\/\\\/wolvescharleroi.be\\\/?p=1289#primaryimage\"},\"image\":{\"@id\":\"https:\\\/\\\/wolvescharleroi.be\\\/?p=1289#primaryimage\"},\"thumbnailUrl\":\"https:\\\/\\\/wolvescharleroi.be\\\/wp-content\\\/uploads\\\/2025\\\/01\\\/Lavenir-logo-300x108.png\",\"datePublished\":\"2025-08-24T15:44:51+00:00\",\"dateModified\":\"2025-08-24T15:45:53+00:00\",\"breadcrumb\":{\"@id\":\"https:\\\/\\\/wolvescharleroi.be\\\/?p=1289#breadcrumb\"},\"inLanguage\":\"fr-FR\",\"potentialAction\":[{\"@type\":\"ReadAction\",\"target\":[\"https:\\\/\\\/wolvescharleroi.be\\\/?p=1289\"]}]},{\"@type\":\"ImageObject\",\"inLanguage\":\"fr-FR\",\"@id\":\"https:\\\/\\\/wolvescharleroi.be\\\/?p=1289#primaryimage\",\"url\":\"https:\\\/\\\/wolvescharleroi.be\\\/wp-content\\\/uploads\\\/2025\\\/01\\\/Lavenir-logo.png\",\"contentUrl\":\"https:\\\/\\\/wolvescharleroi.be\\\/wp-content\\\/uploads\\\/2025\\\/01\\\/Lavenir-logo.png\",\"width\":1624,\"height\":585,\"caption\":\"alt\"},{\"@type\":\"BreadcrumbList\",\"@id\":\"https:\\\/\\\/wolvescharleroi.be\\\/?p=1289#breadcrumb\",\"itemListElement\":[{\"@type\":\"ListItem\",\"position\":1,\"name\":\"Accueil\",\"item\":\"https:\\\/\\\/wolvescharleroi.be\\\/\"},{\"@type\":\"ListItem\",\"position\":2,\"name\":\"Notre premier article de la saison\"}]},{\"@type\":\"WebSite\",\"@id\":\"https:\\\/\\\/wolvescharleroi.be\\\/#website\",\"url\":\"https:\\\/\\\/wolvescharleroi.be\\\/\",\"name\":\"Wolves Charleroi\",\"description\":\"\",\"publisher\":{\"@id\":\"https:\\\/\\\/wolvescharleroi.be\\\/#organization\"},\"potentialAction\":[{\"@type\":\"SearchAction\",\"target\":{\"@type\":\"EntryPoint\",\"urlTemplate\":\"https:\\\/\\\/wolvescharleroi.be\\\/?s={search_term_string}\"},\"query-input\":{\"@type\":\"PropertyValueSpecification\",\"valueRequired\":true,\"valueName\":\"search_term_string\"}}],\"inLanguage\":\"fr-FR\"},{\"@type\":\"Organization\",\"@id\":\"https:\\\/\\\/wolvescharleroi.be\\\/#organization\",\"name\":\"Wolves Charleroi\",\"url\":\"https:\\\/\\\/wolvescharleroi.be\\\/\",\"logo\":{\"@type\":\"ImageObject\",\"inLanguage\":\"fr-FR\",\"@id\":\"https:\\\/\\\/wolvescharleroi.be\\\/#\\\/schema\\\/logo\\\/image\\\/\",\"url\":\"https:\\\/\\\/wolvescharleroi.be\\\/wp-content\\\/uploads\\\/2025\\\/11\\\/tete-site.jpg\",\"contentUrl\":\"https:\\\/\\\/wolvescharleroi.be\\\/wp-content\\\/uploads\\\/2025\\\/11\\\/tete-site.jpg\",\"width\":510,\"height\":510,\"caption\":\"Wolves Charleroi\"},\"image\":{\"@id\":\"https:\\\/\\\/wolvescharleroi.be\\\/#\\\/schema\\\/logo\\\/image\\\/\"}},{\"@type\":\"Person\",\"@id\":\"https:\\\/\\\/wolvescharleroi.be\\\/#\\\/schema\\\/person\\\/8c4415e7d4f55012506a8a2f19984768\",\"name\":\"Hubert Guerry\",\"image\":{\"@type\":\"ImageObject\",\"inLanguage\":\"fr-FR\",\"@id\":\"https:\\\/\\\/secure.gravatar.com\\\/avatar\\\/8ca2445c1a75505b43c2676fdb20d257ae91805c26547a1a162e50b42bd4158a?s=96&d=mm&r=g\",\"url\":\"https:\\\/\\\/secure.gravatar.com\\\/avatar\\\/8ca2445c1a75505b43c2676fdb20d257ae91805c26547a1a162e50b42bd4158a?s=96&d=mm&r=g\",\"contentUrl\":\"https:\\\/\\\/secure.gravatar.com\\\/avatar\\\/8ca2445c1a75505b43c2676fdb20d257ae91805c26547a1a162e50b42bd4158a?s=96&d=mm&r=g\",\"caption\":\"Hubert Guerry\"},\"url\":\"https:\\\/\\\/wolvescharleroi.be\\\/?author=5\"}]}<\/script>\n<!-- \/ Yoast SEO plugin. -->","yoast_head_json":{"title":"Notre premier article de la saison - Wolves Charleroi","robots":{"index":"index","follow":"follow","max-snippet":"max-snippet:-1","max-image-preview":"max-image-preview:large","max-video-preview":"max-video-preview:-1"},"canonical":"https:\/\/wolvescharleroi.be\/?p=1289","og_locale":"fr_FR","og_type":"article","og_title":"Notre premier article de la saison - Wolves Charleroi","og_description":"La saison est lanc\u00e9e, Merci \u00e0 \u00ab\u00a0L&rsquo;AVENIR SAMBRE ET MEUSE\u00a0\u00bb (Vincent Maljean) qui nous suit depuis des ann\u00e9es, l&rsquo;article paru ce mercredi 20 ao\u00fbt,\u00a0 Vous pouvez le lire\u00a0 en cliquant sur \u00ab\u00a0Passage de relais chez les Wolves Charleroi\u00a0\u00bb Merci \u00e0 la r\u00e9daction sportive et le groupe l&rsquo;Avenir pour le soutien, tenez-vous au courant des nouvelles&hellip; Lire la suite","og_url":"https:\/\/wolvescharleroi.be\/?p=1289","og_site_name":"Wolves Charleroi","article_published_time":"2025-08-24T15:44:51+00:00","article_modified_time":"2025-08-24T15:45:53+00:00","og_image":[{"width":1624,"height":585,"url":"https:\/\/wolvescharleroi.be\/wp-content\/uploads\/2025\/01\/Lavenir-logo.png","type":"image\/png"}],"author":"Hubert Guerry","twitter_card":"summary_large_image","twitter_misc":{"\u00c9crit par":"Hubert Guerry","Dur\u00e9e de lecture estim\u00e9e":"1 minute"},"schema":{"@context":"https:\/\/schema.org","@graph":[{"@type":"Article","@id":"https:\/\/wolvescharleroi.be\/?p=1289#article","isPartOf":{"@id":"https:\/\/wolvescharleroi.be\/?p=1289"},"author":{"name":"Hubert Guerry","@id":"https:\/\/wolvescharleroi.be\/#\/schema\/person\/8c4415e7d4f55012506a8a2f19984768"},"headline":"Notre premier article de la saison","datePublished":"2025-08-24T15:44:51+00:00","dateModified":"2025-08-24T15:45:53+00:00","mainEntityOfPage":{"@id":"https:\/\/wolvescharleroi.be\/?p=1289"},"wordCount":81,"publisher":{"@id":"https:\/\/wolvescharleroi.be\/#organization"},"image":{"@id":"https:\/\/wolvescharleroi.be\/?p=1289#primaryimage"},"thumbnailUrl":"https:\/\/wolvescharleroi.be\/wp-content\/uploads\/2025\/01\/Lavenir-logo-300x108.png","inLanguage":"fr-FR"},{"@type":"WebPage","@id":"https:\/\/wolvescharleroi.be\/?p=1289","url":"https:\/\/wolvescharleroi.be\/?p=1289","name":"Notre premier article de la saison - Wolves Charleroi","isPartOf":{"@id":"https:\/\/wolvescharleroi.be\/#website"},"primaryImageOfPage":{"@id":"https:\/\/wolvescharleroi.be\/?p=1289#primaryimage"},"image":{"@id":"https:\/\/wolvescharleroi.be\/?p=1289#primaryimage"},"thumbnailUrl":"https:\/\/wolvescharleroi.be\/wp-content\/uploads\/2025\/01\/Lavenir-logo-300x108.png","datePublished":"2025-08-24T15:44:51+00:00","dateModified":"2025-08-24T15:45:53+00:00","breadcrumb":{"@id":"https:\/\/wolvescharleroi.be\/?p=1289#breadcrumb"},"inLanguage":"fr-FR","potentialAction":[{"@type":"ReadAction","target":["https:\/\/wolvescharleroi.be\/?p=1289"]}]},{"@type":"ImageObject","inLanguage":"fr-FR","@id":"https:\/\/wolvescharleroi.be\/?p=1289#primaryimage","url":"https:\/\/wolvescharleroi.be\/wp-content\/uploads\/2025\/01\/Lavenir-logo.png","contentUrl":"https:\/\/wolvescharleroi.be\/wp-content\/uploads\/2025\/01\/Lavenir-logo.png","width":1624,"height":585,"caption":"alt"},{"@type":"BreadcrumbList","@id":"https:\/\/wolvescharleroi.be\/?p=1289#breadcrumb","itemListElement":[{"@type":"ListItem","position":1,"name":"Accueil","item":"https:\/\/wolvescharleroi.be\/"},{"@type":"ListItem","position":2,"name":"Notre premier article de la saison"}]},{"@type":"WebSite","@id":"https:\/\/wolvescharleroi.be\/#website","url":"https:\/\/wolvescharleroi.be\/","name":"Wolves Charleroi","description":"","publisher":{"@id":"https:\/\/wolvescharleroi.be\/#organization"},"potentialAction":[{"@type":"SearchAction","target":{"@type":"EntryPoint","urlTemplate":"https:\/\/wolvescharleroi.be\/?s={search_term_string}"},"query-input":{"@type":"PropertyValueSpecification","valueRequired":true,"valueName":"search_term_string"}}],"inLanguage":"fr-FR"},{"@type":"Organization","@id":"https:\/\/wolvescharleroi.be\/#organization","name":"Wolves Charleroi","url":"https:\/\/wolvescharleroi.be\/","logo":{"@type":"ImageObject","inLanguage":"fr-FR","@id":"https:\/\/wolvescharleroi.be\/#\/schema\/logo\/image\/","url":"https:\/\/wolvescharleroi.be\/wp-content\/uploads\/2025\/11\/tete-site.jpg","contentUrl":"https:\/\/wolvescharleroi.be\/wp-content\/uploads\/2025\/11\/tete-site.jpg","width":510,"height":510,"caption":"Wolves Charleroi"},"image":{"@id":"https:\/\/wolvescharleroi.be\/#\/schema\/logo\/image\/"}},{"@type":"Person","@id":"https:\/\/wolvescharleroi.be\/#\/schema\/person\/8c4415e7d4f55012506a8a2f19984768","name":"Hubert Guerry","image":{"@type":"ImageObject","inLanguage":"fr-FR","@id":"https:\/\/secure.gravatar.com\/avatar\/8ca2445c1a75505b43c2676fdb20d257ae91805c26547a1a162e50b42bd4158a?s=96&d=mm&r=g","url":"https:\/\/secure.gravatar.com\/avatar\/8ca2445c1a75505b43c2676fdb20d257ae91805c26547a1a162e50b42bd4158a?s=96&d=mm&r=g","contentUrl":"https:\/\/secure.gravatar.com\/avatar\/8ca2445c1a75505b43c2676fdb20d257ae91805c26547a1a162e50b42bd4158a?s=96&d=mm&r=g","caption":"Hubert Guerry"},"url":"https:\/\/wolvescharleroi.be\/?author=5"}]}},"_links":{"self":[{"href":"https:\/\/wolvescharleroi.be\/index.php?rest_route=\/wp\/v2\/posts\/1289","targetHints":{"allow":["GET"]}}],"collection":[{"href":"https:\/\/wolvescharleroi.be\/index.php?rest_route=\/wp\/v2\/posts"}],"about":[{"href":"https:\/\/wolvescharleroi.be\/index.php?rest_route=\/wp\/v2\/types\/post"}],"author":[{"embeddable":true,"href":"https:\/\/wolvescharleroi.be\/index.php?rest_route=\/wp\/v2\/users\/5"}],"replies":[{"embeddable":true,"href":"https:\/\/wolvescharleroi.be\/index.php?rest_route=%2Fwp%2Fv2%2Fcomments&post=1289"}],"version-history":[{"count":2,"href":"https:\/\/wolvescharleroi.be\/index.php?rest_route=\/wp\/v2\/posts\/1289\/revisions"}],"predecessor-version":[{"id":1292,"href":"https:\/\/wolvescharleroi.be\/index.php?rest_route=\/wp\/v2\/posts\/1289\/revisions\/1292"}],"wp:attachment":[{"href":"https:\/\/wolvescharleroi.be\/index.php?rest_route=%2Fwp%2Fv2%2Fmedia&parent=1289"}],"wp:term":[{"taxonomy":"category","embeddable":true,"href":"https:\/\/wolvescharleroi.be\/index.php?rest_route=%2Fwp%2Fv2%2Fcategories&post=1289"},{"taxonomy":"post_tag","embeddable":true,"href":"https:\/\/wolvescharleroi.be\/index.php?rest_route=%2Fwp%2Fv2%2Ftags&post=1289"}],"curies":[{"name":"wp","href":"https:\/\/api.w.org\/{rel}","templated":true}]}}